{"id":1256,"date":"2026-07-17T10:58:32","date_gmt":"2026-07-17T13:58:32","guid":{"rendered":"https:\/\/erpm8.cloud\/conteudo\/?p=1256"},"modified":"2026-07-17T16:12:18","modified_gmt":"2026-07-17T19:12:18","slug":"o-relogio-correndo-para-a-reforma-tributaria-o-inicio-da-obrigatoriedade-em-03-de-agosto","status":"publish","type":"post","link":"https:\/\/erpm8.cloud\/conteudo\/o-relogio-correndo-para-a-reforma-tributaria-o-inicio-da-obrigatoriedade-em-03-de-agosto\/","title":{"rendered":"O rel\u00f3gio est\u00e1 correndo para a Reforma Tribut\u00e1ria: O in\u00edcio da obrigatoriedade em 03 de agosto"},"content":{"rendered":"\n<p class=\"wp-block-paragraph\">No din\u00e2mico cen\u00e1rio fiscal brasileiro, a data de <strong>03 de agosto de 2026<\/strong> consolidou-se como o primeiro grande marco de &#8220;chaveamento&#8221; estrutural da Reforma Tribut\u00e1ria do Consumo. O aviso emitido pela <strong>Sefaz Virtual do Rio Grande do Sul (SVRS)<\/strong> acendeu o alerta nos departamentos de TI e Controladoria de todo o pa\u00eds: a <strong>Rejei\u00e7\u00e3o 310<\/strong> (referente \u00e0 exig\u00eancia dos novos campos de IBS e CBS no XML de documentos eletr\u00f4nicos como CT-e, BP-e, NF3e e NFCom), bem como a <strong>Rejei\u00e7\u00e3o 1115<\/strong> para NF-e\/NFC-e, j\u00e1 est\u00e3o em valida\u00e7\u00e3o ativa no ambiente de homologa\u00e7\u00e3o e passar\u00e3o a bloquear a emiss\u00e3o de notas em ambiente de produ\u00e7\u00e3o de forma definitiva em menos de tr\u00eas semanas.<\/p>\n\n\n\n<figure class=\"wp-block-image size-large\"><img fetchpriority=\"high\" decoding=\"async\" width=\"1024\" height=\"576\" src=\"https:\/\/erpm8.cloud\/conteudo\/wp-content\/uploads\/2026\/07\/aviso_rt-1024x576.jpg\" alt=\"\" class=\"wp-image-1257\" srcset=\"https:\/\/erpm8.cloud\/conteudo\/wp-content\/uploads\/2026\/07\/aviso_rt-1024x576.jpg 1024w, https:\/\/erpm8.cloud\/conteudo\/wp-content\/uploads\/2026\/07\/aviso_rt-300x169.jpg 300w, https:\/\/erpm8.cloud\/conteudo\/wp-content\/uploads\/2026\/07\/aviso_rt-768x432.jpg 768w, https:\/\/erpm8.cloud\/conteudo\/wp-content\/uploads\/2026\/07\/aviso_rt.jpg 1280w\" sizes=\"(max-width: 1024px) 100vw, 1024px\" \/><\/figure>\n\n\n\n<p class=\"wp-block-paragraph\">At\u00e9 ent\u00e3o, o preenchimento dos campos do Imposto sobre Bens e Servi\u00e7os (IBS) e da Contribui\u00e7\u00e3o sobre Bens e Servi\u00e7os (CBS) vinha operando em regime de transi\u00e7\u00e3o volunt\u00e1ria. A partir de 3 de agosto, essa rede de prote\u00e7\u00e3o deixa de existir. O mecanismo de bloqueio do fisco passa a rejeitar sumariamente qualquer documento que oculte as novas tags ou apresente inconsist\u00eancias cadastrais \u2014 tais como o uso de NCMs descontinuados ou a aus\u00eancia de classifica\u00e7\u00e3o tribut\u00e1ria para o IVA Dual.<\/p>\n\n\n\n<p class=\"wp-block-paragraph\"><strong><mark style=\"background-color:#ff6900\" class=\"has-inline-color has-white-color\">Baixar cartilha de como configurar no ERP M8:<\/mark><\/strong><br><a href=\"https:\/\/m8sistemas.com.br\/2021\/wp-content\/uploads\/2026\/07\/Cartilha_-_Reforma_1781272487105-1.pdf\">https:\/\/m8sistemas.com.br\/2021\/wp-content\/uploads\/2026\/07\/Cartilha_-_Reforma_1781272487105-1.pdf<\/a><\/p>\n\n\n\n<p class=\"wp-block-paragraph\">O impacto operacional de cruzar os bra\u00e7os diante deste prazo \u00e9 severo. Diferente de outras obriga\u00e7\u00f5es acess\u00f3rias pass\u00edveis de corre\u00e7\u00e3o posterior via Carta de Corre\u00e7\u00e3o Eletr\u00f4nica (CC-e), uma nota rejeitada impede a sa\u00edda f\u00edsica de mercadorias e a presta\u00e7\u00e3o formalizada de servi\u00e7os, gerando um congelamento imediato no faturamento e no fluxo de caixa da organiza\u00e7\u00e3o. Para as corpora\u00e7\u00f5es enquadradas no regime regular (Lucro Real e Presumido), a janela de testes se encerrou: o preenchimento correto das al\u00edquotas de teste de 1% (desmembradas em 0,9% de CBS e 0,1% de IBS) n\u00e3o \u00e9 mais um exerc\u00edcio hipot\u00e9tico, mas um requisito vital de sobreviv\u00eancia log\u00edstica.<\/p>\n\n\n\n<p class=\"wp-block-paragraph\">Links \u00fateis:<\/p>\n\n\n\n<p class=\"wp-block-paragraph\"><a href=\"https:\/\/www.cgibs.gov.br\/novo-marco-da-reforma-tributaria-inicia-em-03-de-agosto-com-preenchimento-obrigatorio-dos-campos-relativos-ao-ibs-e-a-cbs\">https:\/\/www.cgibs.gov.br\/novo-marco-da-reforma-tributaria-inicia-em-03-de-agosto-com-preenchimento-obrigatorio-dos-campos-relativos-ao-ibs-e-a-cbs<\/a><br><br><a href=\"https:\/\/dfe-portal.svrs.rs.gov.br\/DFE\/Noticias\/2981\">https:\/\/dfe-portal.svrs.rs.gov.br\/DFE\/Noticias\/2981<\/a><br><\/p>\n\n\n\n<p class=\"wp-block-paragraph\"><\/p>\n","protected":false},"excerpt":{"rendered":"<p>No din\u00e2mico cen\u00e1rio fiscal brasileiro, a data de 03 de agosto de 2026 consolidou-se como o primeiro grande marco de [&hellip;]<\/p>\n","protected":false},"author":1,"featured_media":1264,"comment_status":"closed","ping_status":"open","sticky":false,"template":"","format":"standard","meta":{"site-sidebar-layout":"default","site-content-layout":"","ast-site-content-layout":"default","site-content-style":"default","site-sidebar-style":"default","ast-global-header-display":"","ast-banner-title-visibility":"","ast-main-header-display":"","ast-hfb-above-header-display":"","ast-hfb-below-header-display":"","ast-hfb-mobile-header-display":"","site-post-title":"","ast-breadcrumbs-content":"","ast-featured-img":"","footer-sml-layout":"","ast-disable-related-posts":"","theme-transparent-header-meta":"","adv-header-id-meta":"","stick-header-meta":"","header-above-stick-meta":"","header-main-stick-meta":"","header-below-stick-meta":"","astra-migrate-meta-layouts":"default","ast-page-background-enabled":"default","ast-page-background-meta":{"desktop":{"background-color":"var(--ast-global-color-5)","background-image":"","background-repeat":"repeat","background-position":"center center","background-size":"auto","background-attachment":"scroll","background-type":"","background-media":"","overlay-type":"","overlay-color":"","overlay-opacity":"","overlay-gradient":""},"tablet":{"background-color":"","background-image":"","background-repeat":"repeat","background-position":"center center","background-size":"auto","background-attachment":"scroll","background-type":"","background-media":"","overlay-type":"","overlay-color":"","overlay-opacity":"","overlay-gradient":""},"mobile":{"background-color":"","background-image":"","background-repeat":"repeat","background-position":"center center","background-size":"auto","background-attachment":"scroll","background-type":"","background-media":"","overlay-type":"","overlay-color":"","overlay-opacity":"","overlay-gradient":""}},"ast-content-background-meta":{"desktop":{"background-color":"var(--ast-global-color-4)","background-image":"","background-repeat":"repeat","background-position":"center center","background-size":"auto","background-attachment":"scroll","background-type":"","background-media":"","overlay-type":"","overlay-color":"","overlay-opacity":"","overlay-gradient":""},"tablet":{"background-color":"var(--ast-global-color-4)","background-image":"","background-repeat":"repeat","background-position":"center center","background-size":"auto","background-attachment":"scroll","background-type":"","background-media":"","overlay-type":"","overlay-color":"","overlay-opacity":"","overlay-gradient":""},"mobile":{"background-color":"var(--ast-global-color-4)","background-image":"","background-repeat":"repeat","background-position":"center center","background-size":"auto","background-attachment":"scroll","background-type":"","background-media":"","overlay-type":"","overlay-color":"","overlay-opacity":"","overlay-gradient":""}},"footnotes":""},"categories":[1],"tags":[445,374,63,52,383,398,435,429,443,175,442,444,396,306,418],"class_list":["post-1256","post","type-post","status-publish","format-standard","has-post-thumbnail","hentry","category-erp","tag-dashboards-erp","tag-erp-em-chapeco","tag-erp-m8","tag-erp-na-nuvem","tag-erp-para-2026","tag-gestao-com-erp","tag-gestao-em-tempo-real","tag-gestao-simples-e-eficiente","tag-kanban-no-erp","tag-m8-sistemas","tag-paineis-de-analise-erp","tag-paineis-de-controle-erp","tag-preciso-de-um-erp","tag-sistema-de-gestao-empresarial","tag-tecnologia-com-erp"],"yoast_head":"<!-- This site is optimized with the Yoast SEO plugin v28.1 - https:\/\/yoast.com\/product\/yoast-seo-wordpress\/ -->\n<title>O rel\u00f3gio est\u00e1 correndo para a Reforma Tribut\u00e1ria: O in\u00edcio da obrigatoriedade em 03 de agosto<\/title>\n<meta name=\"description\" content=\"Utilizar um sistema de gest\u00e3o para o gerenciamento eficiente do fluxo de caixa \u00e9 fundamental para a sa\u00fade financeira de qualquer empresa.\" \/>\n<meta name=\"robots\" content=\"index, follow, max-snippet:-1, max-image-preview:large, max-video-preview:-1\" \/>\n<link rel=\"canonical\" href=\"https:\/\/erpm8.cloud\/conteudo\/o-relogio-correndo-para-a-reforma-tributaria-o-inicio-da-obrigatoriedade-em-03-de-agosto\/\" \/>\n<meta property=\"og:locale\" content=\"pt_BR\" \/>\n<meta property=\"og:type\" content=\"article\" \/>\n<meta property=\"og:title\" content=\"O rel\u00f3gio est\u00e1 correndo para a Reforma Tribut\u00e1ria: O in\u00edcio da obrigatoriedade em 03 de agosto\" \/>\n<meta property=\"og:description\" content=\"Utilizar um sistema de gest\u00e3o para o gerenciamento eficiente do fluxo de caixa \u00e9 fundamental para a sa\u00fade financeira de qualquer empresa.\" \/>\n<meta property=\"og:url\" content=\"https:\/\/erpm8.cloud\/conteudo\/o-relogio-correndo-para-a-reforma-tributaria-o-inicio-da-obrigatoriedade-em-03-de-agosto\/\" \/>\n<meta property=\"og:site_name\" content=\"ERP M8 BLOG\" \/>\n<meta property=\"article:published_time\" content=\"2026-07-17T13:58:32+00:00\" \/>\n<meta property=\"article:modified_time\" content=\"2026-07-17T19:12:18+00:00\" \/>\n<meta property=\"og:image\" content=\"https:\/\/erpm8.cloud\/conteudo\/wp-content\/uploads\/2026\/07\/rt_3agosto_-copiar.jpg\" \/>\n\t<meta property=\"og:image:width\" content=\"1536\" \/>\n\t<meta property=\"og:image:height\" content=\"1024\" \/>\n\t<meta property=\"og:image:type\" content=\"image\/jpeg\" \/>\n<meta name=\"author\" content=\"erpm8blog\" \/>\n<meta name=\"twitter:card\" content=\"summary_large_image\" \/>\n<meta name=\"twitter:label1\" content=\"Escrito por\" \/>\n\t<meta name=\"twitter:data1\" content=\"erpm8blog\" \/>\n\t<meta name=\"twitter:label2\" content=\"Est. tempo de leitura\" \/>\n\t<meta name=\"twitter:data2\" content=\"4 minutos\" \/>\n<script type=\"application\/ld+json\" class=\"yoast-schema-graph\">{\"@context\":\"https:\\\/\\\/schema.org\",\"@graph\":[{\"@type\":[\"Article\",\"BlogPosting\"],\"@id\":\"https:\\\/\\\/erpm8.cloud\\\/conteudo\\\/o-relogio-correndo-para-a-reforma-tributaria-o-inicio-da-obrigatoriedade-em-03-de-agosto\\\/#article\",\"isPartOf\":{\"@id\":\"https:\\\/\\\/erpm8.cloud\\\/conteudo\\\/o-relogio-correndo-para-a-reforma-tributaria-o-inicio-da-obrigatoriedade-em-03-de-agosto\\\/\"},\"author\":{\"name\":\"erpm8blog\",\"@id\":\"https:\\\/\\\/erpm8.cloud\\\/conteudo\\\/#\\\/schema\\\/person\\\/3305232b4b16ddd359967e2469b43889\"},\"headline\":\"O rel\u00f3gio est\u00e1 correndo para a Reforma Tribut\u00e1ria: O in\u00edcio da obrigatoriedade em 03 de agosto\",\"datePublished\":\"2026-07-17T13:58:32+00:00\",\"dateModified\":\"2026-07-17T19:12:18+00:00\",\"mainEntityOfPage\":{\"@id\":\"https:\\\/\\\/erpm8.cloud\\\/conteudo\\\/o-relogio-correndo-para-a-reforma-tributaria-o-inicio-da-obrigatoriedade-em-03-de-agosto\\\/\"},\"wordCount\":385,\"publisher\":{\"@id\":\"https:\\\/\\\/erpm8.cloud\\\/conteudo\\\/#organization\"},\"image\":{\"@id\":\"https:\\\/\\\/erpm8.cloud\\\/conteudo\\\/o-relogio-correndo-para-a-reforma-tributaria-o-inicio-da-obrigatoriedade-em-03-de-agosto\\\/#primaryimage\"},\"thumbnailUrl\":\"https:\\\/\\\/erpm8.cloud\\\/conteudo\\\/wp-content\\\/uploads\\\/2026\\\/07\\\/rt_3agosto_-copiar.jpg\",\"keywords\":[\"dashboards ERP\",\"erp em chapec\u00f3\",\"erp m8\",\"ERP na nuvem\",\"erp para 2026\",\"gest\u00e3o com erp\",\"Gest\u00e3o em tempo real\",\"gest\u00e3o simples e eficiente\",\"Kanban no ERP\",\"m8 sistemas\",\"pain\u00e9is de an\u00e1lise ERP\",\"pain\u00e9is de controle ERP\",\"preciso de um erp\",\"Sistema de gest\u00e3o empresarial\",\"tecnologia com erp\"],\"articleSection\":[\"ERP\"],\"inLanguage\":\"pt-BR\"},{\"@type\":\"WebPage\",\"@id\":\"https:\\\/\\\/erpm8.cloud\\\/conteudo\\\/o-relogio-correndo-para-a-reforma-tributaria-o-inicio-da-obrigatoriedade-em-03-de-agosto\\\/\",\"url\":\"https:\\\/\\\/erpm8.cloud\\\/conteudo\\\/o-relogio-correndo-para-a-reforma-tributaria-o-inicio-da-obrigatoriedade-em-03-de-agosto\\\/\",\"name\":\"O rel\u00f3gio est\u00e1 correndo para a Reforma Tribut\u00e1ria: O in\u00edcio da obrigatoriedade em 03 de agosto\",\"isPartOf\":{\"@id\":\"https:\\\/\\\/erpm8.cloud\\\/conteudo\\\/#website\"},\"primaryImageOfPage\":{\"@id\":\"https:\\\/\\\/erpm8.cloud\\\/conteudo\\\/o-relogio-correndo-para-a-reforma-tributaria-o-inicio-da-obrigatoriedade-em-03-de-agosto\\\/#primaryimage\"},\"image\":{\"@id\":\"https:\\\/\\\/erpm8.cloud\\\/conteudo\\\/o-relogio-correndo-para-a-reforma-tributaria-o-inicio-da-obrigatoriedade-em-03-de-agosto\\\/#primaryimage\"},\"thumbnailUrl\":\"https:\\\/\\\/erpm8.cloud\\\/conteudo\\\/wp-content\\\/uploads\\\/2026\\\/07\\\/rt_3agosto_-copiar.jpg\",\"datePublished\":\"2026-07-17T13:58:32+00:00\",\"dateModified\":\"2026-07-17T19:12:18+00:00\",\"description\":\"Utilizar um sistema de gest\u00e3o para o gerenciamento eficiente do fluxo de caixa \u00e9 fundamental para a sa\u00fade financeira de qualquer empresa.\",\"breadcrumb\":{\"@id\":\"https:\\\/\\\/erpm8.cloud\\\/conteudo\\\/o-relogio-correndo-para-a-reforma-tributaria-o-inicio-da-obrigatoriedade-em-03-de-agosto\\\/#breadcrumb\"},\"inLanguage\":\"pt-BR\",\"potentialAction\":[{\"@type\":\"ReadAction\",\"target\":[\"https:\\\/\\\/erpm8.cloud\\\/conteudo\\\/o-relogio-correndo-para-a-reforma-tributaria-o-inicio-da-obrigatoriedade-em-03-de-agosto\\\/\"]}]},{\"@type\":\"ImageObject\",\"inLanguage\":\"pt-BR\",\"@id\":\"https:\\\/\\\/erpm8.cloud\\\/conteudo\\\/o-relogio-correndo-para-a-reforma-tributaria-o-inicio-da-obrigatoriedade-em-03-de-agosto\\\/#primaryimage\",\"url\":\"https:\\\/\\\/erpm8.cloud\\\/conteudo\\\/wp-content\\\/uploads\\\/2026\\\/07\\\/rt_3agosto_-copiar.jpg\",\"contentUrl\":\"https:\\\/\\\/erpm8.cloud\\\/conteudo\\\/wp-content\\\/uploads\\\/2026\\\/07\\\/rt_3agosto_-copiar.jpg\",\"width\":1536,\"height\":1024},{\"@type\":\"BreadcrumbList\",\"@id\":\"https:\\\/\\\/erpm8.cloud\\\/conteudo\\\/o-relogio-correndo-para-a-reforma-tributaria-o-inicio-da-obrigatoriedade-em-03-de-agosto\\\/#breadcrumb\",\"itemListElement\":[{\"@type\":\"ListItem\",\"position\":1,\"name\":\"Home\",\"item\":\"https:\\\/\\\/erpm8.cloud\\\/conteudo\\\/\"},{\"@type\":\"ListItem\",\"position\":2,\"name\":\"O rel\u00f3gio est\u00e1 correndo para a Reforma Tribut\u00e1ria: O in\u00edcio da obrigatoriedade em 03 de agosto\"}]},{\"@type\":\"WebSite\",\"@id\":\"https:\\\/\\\/erpm8.cloud\\\/conteudo\\\/#website\",\"url\":\"https:\\\/\\\/erpm8.cloud\\\/conteudo\\\/\",\"name\":\"ERP M8 BLOG\",\"description\":\"\",\"publisher\":{\"@id\":\"https:\\\/\\\/erpm8.cloud\\\/conteudo\\\/#organization\"},\"potentialAction\":[{\"@type\":\"SearchAction\",\"target\":{\"@type\":\"EntryPoint\",\"urlTemplate\":\"https:\\\/\\\/erpm8.cloud\\\/conteudo\\\/?s={search_term_string}\"},\"query-input\":{\"@type\":\"PropertyValueSpecification\",\"valueRequired\":true,\"valueName\":\"search_term_string\"}}],\"inLanguage\":\"pt-BR\"},{\"@type\":\"Organization\",\"@id\":\"https:\\\/\\\/erpm8.cloud\\\/conteudo\\\/#organization\",\"name\":\"ERP M8 BLOG\",\"url\":\"https:\\\/\\\/erpm8.cloud\\\/conteudo\\\/\",\"logo\":{\"@type\":\"ImageObject\",\"inLanguage\":\"pt-BR\",\"@id\":\"https:\\\/\\\/erpm8.cloud\\\/conteudo\\\/#\\\/schema\\\/logo\\\/image\\\/\",\"url\":\"https:\\\/\\\/erpm8.cloud\\\/conteudo\\\/wp-content\\\/uploads\\\/2023\\\/01\\\/logo_erp.svg\",\"contentUrl\":\"https:\\\/\\\/erpm8.cloud\\\/conteudo\\\/wp-content\\\/uploads\\\/2023\\\/01\\\/logo_erp.svg\",\"width\":1226,\"height\":519,\"caption\":\"ERP M8 BLOG\"},\"image\":{\"@id\":\"https:\\\/\\\/erpm8.cloud\\\/conteudo\\\/#\\\/schema\\\/logo\\\/image\\\/\"}},{\"@type\":\"Person\",\"@id\":\"https:\\\/\\\/erpm8.cloud\\\/conteudo\\\/#\\\/schema\\\/person\\\/3305232b4b16ddd359967e2469b43889\",\"name\":\"erpm8blog\",\"image\":{\"@type\":\"ImageObject\",\"inLanguage\":\"pt-BR\",\"@id\":\"https:\\\/\\\/secure.gravatar.com\\\/avatar\\\/3ee892faa13d7d249634d78ed4ae95efc4bf5e3dd258f4ed549b8f049b8e1ba7?s=96&d=mm&r=g\",\"url\":\"https:\\\/\\\/secure.gravatar.com\\\/avatar\\\/3ee892faa13d7d249634d78ed4ae95efc4bf5e3dd258f4ed549b8f049b8e1ba7?s=96&d=mm&r=g\",\"contentUrl\":\"https:\\\/\\\/secure.gravatar.com\\\/avatar\\\/3ee892faa13d7d249634d78ed4ae95efc4bf5e3dd258f4ed549b8f049b8e1ba7?s=96&d=mm&r=g\",\"caption\":\"erpm8blog\"},\"sameAs\":[\"https:\\\/\\\/erpm8.cloud\\\/conteudo\"],\"url\":\"https:\\\/\\\/erpm8.cloud\\\/conteudo\\\/author\\\/erpm8blog\\\/\"}]}<\/script>\n<!-- \/ Yoast SEO plugin. -->","yoast_head_json":{"title":"O rel\u00f3gio est\u00e1 correndo para a Reforma Tribut\u00e1ria: O in\u00edcio da obrigatoriedade em 03 de agosto","description":"Utilizar um sistema de gest\u00e3o para o gerenciamento eficiente do fluxo de caixa \u00e9 fundamental para a sa\u00fade financeira de qualquer empresa.","robots":{"index":"index","follow":"follow","max-snippet":"max-snippet:-1","max-image-preview":"max-image-preview:large","max-video-preview":"max-video-preview:-1"},"canonical":"https:\/\/erpm8.cloud\/conteudo\/o-relogio-correndo-para-a-reforma-tributaria-o-inicio-da-obrigatoriedade-em-03-de-agosto\/","og_locale":"pt_BR","og_type":"article","og_title":"O rel\u00f3gio est\u00e1 correndo para a Reforma Tribut\u00e1ria: O in\u00edcio da obrigatoriedade em 03 de agosto","og_description":"Utilizar um sistema de gest\u00e3o para o gerenciamento eficiente do fluxo de caixa \u00e9 fundamental para a sa\u00fade financeira de qualquer empresa.","og_url":"https:\/\/erpm8.cloud\/conteudo\/o-relogio-correndo-para-a-reforma-tributaria-o-inicio-da-obrigatoriedade-em-03-de-agosto\/","og_site_name":"ERP M8 BLOG","article_published_time":"2026-07-17T13:58:32+00:00","article_modified_time":"2026-07-17T19:12:18+00:00","og_image":[{"width":1536,"height":1024,"url":"https:\/\/erpm8.cloud\/conteudo\/wp-content\/uploads\/2026\/07\/rt_3agosto_-copiar.jpg","type":"image\/jpeg"}],"author":"erpm8blog","twitter_card":"summary_large_image","twitter_misc":{"Escrito por":"erpm8blog","Est. tempo de leitura":"4 minutos"},"schema":{"@context":"https:\/\/schema.org","@graph":[{"@type":["Article","BlogPosting"],"@id":"https:\/\/erpm8.cloud\/conteudo\/o-relogio-correndo-para-a-reforma-tributaria-o-inicio-da-obrigatoriedade-em-03-de-agosto\/#article","isPartOf":{"@id":"https:\/\/erpm8.cloud\/conteudo\/o-relogio-correndo-para-a-reforma-tributaria-o-inicio-da-obrigatoriedade-em-03-de-agosto\/"},"author":{"name":"erpm8blog","@id":"https:\/\/erpm8.cloud\/conteudo\/#\/schema\/person\/3305232b4b16ddd359967e2469b43889"},"headline":"O rel\u00f3gio est\u00e1 correndo para a Reforma Tribut\u00e1ria: O in\u00edcio da obrigatoriedade em 03 de agosto","datePublished":"2026-07-17T13:58:32+00:00","dateModified":"2026-07-17T19:12:18+00:00","mainEntityOfPage":{"@id":"https:\/\/erpm8.cloud\/conteudo\/o-relogio-correndo-para-a-reforma-tributaria-o-inicio-da-obrigatoriedade-em-03-de-agosto\/"},"wordCount":385,"publisher":{"@id":"https:\/\/erpm8.cloud\/conteudo\/#organization"},"image":{"@id":"https:\/\/erpm8.cloud\/conteudo\/o-relogio-correndo-para-a-reforma-tributaria-o-inicio-da-obrigatoriedade-em-03-de-agosto\/#primaryimage"},"thumbnailUrl":"https:\/\/erpm8.cloud\/conteudo\/wp-content\/uploads\/2026\/07\/rt_3agosto_-copiar.jpg","keywords":["dashboards ERP","erp em chapec\u00f3","erp m8","ERP na nuvem","erp para 2026","gest\u00e3o com erp","Gest\u00e3o em tempo real","gest\u00e3o simples e eficiente","Kanban no ERP","m8 sistemas","pain\u00e9is de an\u00e1lise ERP","pain\u00e9is de controle ERP","preciso de um erp","Sistema de gest\u00e3o empresarial","tecnologia com erp"],"articleSection":["ERP"],"inLanguage":"pt-BR"},{"@type":"WebPage","@id":"https:\/\/erpm8.cloud\/conteudo\/o-relogio-correndo-para-a-reforma-tributaria-o-inicio-da-obrigatoriedade-em-03-de-agosto\/","url":"https:\/\/erpm8.cloud\/conteudo\/o-relogio-correndo-para-a-reforma-tributaria-o-inicio-da-obrigatoriedade-em-03-de-agosto\/","name":"O rel\u00f3gio est\u00e1 correndo para a Reforma Tribut\u00e1ria: O in\u00edcio da obrigatoriedade em 03 de agosto","isPartOf":{"@id":"https:\/\/erpm8.cloud\/conteudo\/#website"},"primaryImageOfPage":{"@id":"https:\/\/erpm8.cloud\/conteudo\/o-relogio-correndo-para-a-reforma-tributaria-o-inicio-da-obrigatoriedade-em-03-de-agosto\/#primaryimage"},"image":{"@id":"https:\/\/erpm8.cloud\/conteudo\/o-relogio-correndo-para-a-reforma-tributaria-o-inicio-da-obrigatoriedade-em-03-de-agosto\/#primaryimage"},"thumbnailUrl":"https:\/\/erpm8.cloud\/conteudo\/wp-content\/uploads\/2026\/07\/rt_3agosto_-copiar.jpg","datePublished":"2026-07-17T13:58:32+00:00","dateModified":"2026-07-17T19:12:18+00:00","description":"Utilizar um sistema de gest\u00e3o para o gerenciamento eficiente do fluxo de caixa \u00e9 fundamental para a sa\u00fade financeira de qualquer empresa.","breadcrumb":{"@id":"https:\/\/erpm8.cloud\/conteudo\/o-relogio-correndo-para-a-reforma-tributaria-o-inicio-da-obrigatoriedade-em-03-de-agosto\/#breadcrumb"},"inLanguage":"pt-BR","potentialAction":[{"@type":"ReadAction","target":["https:\/\/erpm8.cloud\/conteudo\/o-relogio-correndo-para-a-reforma-tributaria-o-inicio-da-obrigatoriedade-em-03-de-agosto\/"]}]},{"@type":"ImageObject","inLanguage":"pt-BR","@id":"https:\/\/erpm8.cloud\/conteudo\/o-relogio-correndo-para-a-reforma-tributaria-o-inicio-da-obrigatoriedade-em-03-de-agosto\/#primaryimage","url":"https:\/\/erpm8.cloud\/conteudo\/wp-content\/uploads\/2026\/07\/rt_3agosto_-copiar.jpg","contentUrl":"https:\/\/erpm8.cloud\/conteudo\/wp-content\/uploads\/2026\/07\/rt_3agosto_-copiar.jpg","width":1536,"height":1024},{"@type":"BreadcrumbList","@id":"https:\/\/erpm8.cloud\/conteudo\/o-relogio-correndo-para-a-reforma-tributaria-o-inicio-da-obrigatoriedade-em-03-de-agosto\/#breadcrumb","itemListElement":[{"@type":"ListItem","position":1,"name":"Home","item":"https:\/\/erpm8.cloud\/conteudo\/"},{"@type":"ListItem","position":2,"name":"O rel\u00f3gio est\u00e1 correndo para a Reforma Tribut\u00e1ria: O in\u00edcio da obrigatoriedade em 03 de agosto"}]},{"@type":"WebSite","@id":"https:\/\/erpm8.cloud\/conteudo\/#website","url":"https:\/\/erpm8.cloud\/conteudo\/","name":"ERP M8 BLOG","description":"","publisher":{"@id":"https:\/\/erpm8.cloud\/conteudo\/#organization"},"potentialAction":[{"@type":"SearchAction","target":{"@type":"EntryPoint","urlTemplate":"https:\/\/erpm8.cloud\/conteudo\/?s={search_term_string}"},"query-input":{"@type":"PropertyValueSpecification","valueRequired":true,"valueName":"search_term_string"}}],"inLanguage":"pt-BR"},{"@type":"Organization","@id":"https:\/\/erpm8.cloud\/conteudo\/#organization","name":"ERP M8 BLOG","url":"https:\/\/erpm8.cloud\/conteudo\/","logo":{"@type":"ImageObject","inLanguage":"pt-BR","@id":"https:\/\/erpm8.cloud\/conteudo\/#\/schema\/logo\/image\/","url":"https:\/\/erpm8.cloud\/conteudo\/wp-content\/uploads\/2023\/01\/logo_erp.svg","contentUrl":"https:\/\/erpm8.cloud\/conteudo\/wp-content\/uploads\/2023\/01\/logo_erp.svg","width":1226,"height":519,"caption":"ERP M8 BLOG"},"image":{"@id":"https:\/\/erpm8.cloud\/conteudo\/#\/schema\/logo\/image\/"}},{"@type":"Person","@id":"https:\/\/erpm8.cloud\/conteudo\/#\/schema\/person\/3305232b4b16ddd359967e2469b43889","name":"erpm8blog","image":{"@type":"ImageObject","inLanguage":"pt-BR","@id":"https:\/\/secure.gravatar.com\/avatar\/3ee892faa13d7d249634d78ed4ae95efc4bf5e3dd258f4ed549b8f049b8e1ba7?s=96&d=mm&r=g","url":"https:\/\/secure.gravatar.com\/avatar\/3ee892faa13d7d249634d78ed4ae95efc4bf5e3dd258f4ed549b8f049b8e1ba7?s=96&d=mm&r=g","contentUrl":"https:\/\/secure.gravatar.com\/avatar\/3ee892faa13d7d249634d78ed4ae95efc4bf5e3dd258f4ed549b8f049b8e1ba7?s=96&d=mm&r=g","caption":"erpm8blog"},"sameAs":["https:\/\/erpm8.cloud\/conteudo"],"url":"https:\/\/erpm8.cloud\/conteudo\/author\/erpm8blog\/"}]}},"_links":{"self":[{"href":"https:\/\/erpm8.cloud\/conteudo\/wp-json\/wp\/v2\/posts\/1256","targetHints":{"allow":["GET"]}}],"collection":[{"href":"https:\/\/erpm8.cloud\/conteudo\/wp-json\/wp\/v2\/posts"}],"about":[{"href":"https:\/\/erpm8.cloud\/conteudo\/wp-json\/wp\/v2\/types\/post"}],"author":[{"embeddable":true,"href":"https:\/\/erpm8.cloud\/conteudo\/wp-json\/wp\/v2\/users\/1"}],"replies":[{"embeddable":true,"href":"https:\/\/erpm8.cloud\/conteudo\/wp-json\/wp\/v2\/comments?post=1256"}],"version-history":[{"count":4,"href":"https:\/\/erpm8.cloud\/conteudo\/wp-json\/wp\/v2\/posts\/1256\/revisions"}],"predecessor-version":[{"id":1266,"href":"https:\/\/erpm8.cloud\/conteudo\/wp-json\/wp\/v2\/posts\/1256\/revisions\/1266"}],"wp:featuredmedia":[{"embeddable":true,"href":"https:\/\/erpm8.cloud\/conteudo\/wp-json\/wp\/v2\/media\/1264"}],"wp:attachment":[{"href":"https:\/\/erpm8.cloud\/conteudo\/wp-json\/wp\/v2\/media?parent=1256"}],"wp:term":[{"taxonomy":"category","embeddable":true,"href":"https:\/\/erpm8.cloud\/conteudo\/wp-json\/wp\/v2\/categories?post=1256"},{"taxonomy":"post_tag","embeddable":true,"href":"https:\/\/erpm8.cloud\/conteudo\/wp-json\/wp\/v2\/tags?post=1256"}],"curies":[{"name":"wp","href":"https:\/\/api.w.org\/{rel}","templated":true}]}}