{"id":1354,"date":"2026-09-02T08:35:32","date_gmt":"2026-09-02T11:35:32","guid":{"rendered":"https:\/\/erpm8.cloud\/conteudo\/?p=1354"},"modified":"2026-09-02T09:22:49","modified_gmt":"2026-09-02T12:22:49","slug":"dias-para-negativacao-boletos-sicredi","status":"publish","type":"post","link":"https:\/\/erpm8.cloud\/conteudo\/dias-para-negativacao-boletos-sicredi\/","title":{"rendered":"Mais controle sobre a negativa\u00e7\u00e3o de t\u00edtulos com o Sicredi"},"content":{"rendered":"\n<p class=\"wp-block-paragraph\">O ERP M8 recebeu uma nova implementa\u00e7\u00e3o no cadastro de <strong>Conv\u00eanios Banc\u00e1rios<\/strong>, ampliando as configura\u00e7\u00f5es dispon\u00edveis para opera\u00e7\u00f5es realizadas com o banco Sicredi.<\/p>\n\n\n\n<p class=\"wp-block-paragraph\">Agora, ao cadastrar um conv\u00eanio banc\u00e1rio do <strong>Sicredi<\/strong> utilizando um documento do tipo <strong>Boleto eletr\u00f4nico<\/strong>, o sistema disponibiliza o novo campo <strong>Dias para Negativa\u00e7\u00e3o<\/strong>.<\/p>\n\n\n\n<h3 class=\"wp-block-heading\">Como funciona o novo campo?<\/h3>\n\n\n\n<p class=\"wp-block-paragraph\">A nova configura\u00e7\u00e3o permite informar a quantidade de dias de atraso, contados a partir do vencimento do boleto, que ser\u00e1 utilizada como refer\u00eancia para a negativa\u00e7\u00e3o autom\u00e1tica do cliente relacionado ao t\u00edtulo.<\/p>\n\n\n\n<p class=\"wp-block-paragraph\">Dessa forma, o processo passa a contar com uma configura\u00e7\u00e3o espec\u00edfica diretamente no cadastro do conv\u00eanio banc\u00e1rio.<\/p>\n\n\n\n<h3 class=\"wp-block-heading\">Onde est\u00e1 dispon\u00edvel?<\/h3>\n\n\n\n<p class=\"wp-block-paragraph\">A funcionalidade est\u00e1 dispon\u00edvel em:<\/p>\n\n\n\n<p class=\"wp-block-paragraph\"><strong>Financeiro &gt; Cadastros &gt; Cadastros &gt; Lista Cadastro de Conv\u00eanios Banc\u00e1rios<\/strong><\/p>\n\n\n\n<p class=\"wp-block-paragraph\">Ao configurar um conv\u00eanio para o banco Sicredi com documento do tipo <strong>Boleto eletr\u00f4nico<\/strong>, o campo <strong>Dias para Negativa\u00e7\u00e3o<\/strong> passa a estar dispon\u00edvel.<\/p>\n\n\n\n<h3 class=\"wp-block-heading\">Uma nova configura\u00e7\u00e3o para opera\u00e7\u00f5es com boletos eletr\u00f4nicos<\/h3>\n\n\n\n<p class=\"wp-block-paragraph\">Com essa implementa\u00e7\u00e3o, empresas que utilizam o Sicredi em suas opera\u00e7\u00f5es financeiras passam a contar com mais uma possibilidade de configura\u00e7\u00e3o diretamente no ERP M8.<\/p>\n\n\n\n<p class=\"wp-block-paragraph\">A novidade faz parte das evolu\u00e7\u00f5es cont\u00ednuas do m\u00f3dulo Financeiro, acompanhando as necessidades dos processos banc\u00e1rios integrados ao sistema.<\/p>\n","protected":false},"excerpt":{"rendered":"<p>O ERP M8 recebeu uma nova implementa\u00e7\u00e3o no cadastro de Conv\u00eanios Banc\u00e1rios, ampliando as configura\u00e7\u00f5es dispon\u00edveis para opera\u00e7\u00f5es realizadas com [&hellip;]<\/p>\n","protected":false},"author":1,"featured_media":1369,"comment_status":"closed","ping_status":"open","sticky":false,"template":"","format":"standard","meta":{"site-sidebar-layout":"default","site-content-layout":"","ast-site-content-layout":"default","site-content-style":"default","site-sidebar-style":"default","ast-global-header-display":"","ast-banner-title-visibility":"","ast-main-header-display":"","ast-hfb-above-header-display":"","ast-hfb-below-header-display":"","ast-hfb-mobile-header-display":"","site-post-title":"","ast-breadcrumbs-content":"","ast-featured-img":"","footer-sml-layout":"","ast-disable-related-posts":"","theme-transparent-header-meta":"","adv-header-id-meta":"","stick-header-meta":"","header-above-stick-meta":"","header-main-stick-meta":"","header-below-stick-meta":"","astra-migrate-meta-layouts":"default","ast-page-background-enabled":"default","ast-page-background-meta":{"desktop":{"background-color":"var(--ast-global-color-5)","background-image":"","background-repeat":"repeat","background-position":"center center","background-size":"auto","background-attachment":"scroll","background-type":"","background-media":"","overlay-type":"","overlay-color":"","overlay-opacity":"","overlay-gradient":""},"tablet":{"background-color":"","background-image":"","background-repeat":"repeat","background-position":"center center","background-size":"auto","background-attachment":"scroll","background-type":"","background-media":"","overlay-type":"","overlay-color":"","overlay-opacity":"","overlay-gradient":""},"mobile":{"background-color":"","background-image":"","background-repeat":"repeat","background-position":"center center","background-size":"auto","background-attachment":"scroll","background-type":"","background-media":"","overlay-type":"","overlay-color":"","overlay-opacity":"","overlay-gradient":""}},"ast-content-background-meta":{"desktop":{"background-color":"var(--ast-global-color-4)","background-image":"","background-repeat":"repeat","background-position":"center center","background-size":"auto","background-attachment":"scroll","background-type":"","background-media":"","overlay-type":"","overlay-color":"","overlay-opacity":"","overlay-gradient":""},"tablet":{"background-color":"var(--ast-global-color-4)","background-image":"","background-repeat":"repeat","background-position":"center center","background-size":"auto","background-attachment":"scroll","background-type":"","background-media":"","overlay-type":"","overlay-color":"","overlay-opacity":"","overlay-gradient":""},"mobile":{"background-color":"var(--ast-global-color-4)","background-image":"","background-repeat":"repeat","background-position":"center center","background-size":"auto","background-attachment":"scroll","background-type":"","background-media":"","overlay-type":"","overlay-color":"","overlay-opacity":"","overlay-gradient":""}},"footnotes":""},"categories":[1,7,5],"tags":[63,175,306],"class_list":["post-1354","post","type-post","status-publish","format-standard","has-post-thumbnail","hentry","category-erp","category-sistema-de-gestao","category-tecnologia","tag-erp-m8","tag-m8-sistemas","tag-sistema-de-gestao-empresarial"],"yoast_head":"<!-- This site is optimized with the Yoast SEO plugin v28.1 - https:\/\/yoast.com\/product\/yoast-seo-wordpress\/ -->\n<title>Mais controle sobre a negativa\u00e7\u00e3o de t\u00edtulos com o Sicredi - ERP M8 BLOG<\/title>\n<meta name=\"description\" content=\"Conhe\u00e7a o novo campo Dias para Negativa\u00e7\u00e3o do ERP M8, dispon\u00edvel para conv\u00eanios Sicredi com boletos eletr\u00f4nicos.\" \/>\n<meta name=\"robots\" content=\"index, follow, max-snippet:-1, max-image-preview:large, max-video-preview:-1\" \/>\n<link rel=\"canonical\" href=\"https:\/\/erpm8.cloud\/conteudo\/dias-para-negativacao-boletos-sicredi\/\" \/>\n<meta property=\"og:locale\" content=\"pt_BR\" \/>\n<meta property=\"og:type\" content=\"article\" \/>\n<meta property=\"og:title\" content=\"Mais controle sobre a negativa\u00e7\u00e3o de t\u00edtulos com o Sicredi - ERP M8 BLOG\" \/>\n<meta property=\"og:description\" content=\"Conhe\u00e7a o novo campo Dias para Negativa\u00e7\u00e3o do ERP M8, dispon\u00edvel para conv\u00eanios Sicredi com boletos eletr\u00f4nicos.\" \/>\n<meta property=\"og:url\" content=\"https:\/\/erpm8.cloud\/conteudo\/dias-para-negativacao-boletos-sicredi\/\" \/>\n<meta property=\"og:site_name\" content=\"ERP M8 BLOG\" \/>\n<meta property=\"article:published_time\" content=\"2026-09-02T11:35:32+00:00\" \/>\n<meta property=\"article:modified_time\" content=\"2026-09-02T12:22:49+00:00\" \/>\n<meta property=\"og:image\" content=\"https:\/\/erpm8.cloud\/conteudo\/wp-content\/uploads\/2026\/09\/dias-para-negativacao-boletos-sicredi.png\" \/>\n\t<meta property=\"og:image:width\" content=\"1672\" \/>\n\t<meta property=\"og:image:height\" content=\"941\" \/>\n\t<meta property=\"og:image:type\" content=\"image\/png\" \/>\n<meta name=\"author\" content=\"erpm8blog\" \/>\n<meta name=\"twitter:card\" content=\"summary_large_image\" \/>\n<meta name=\"twitter:label1\" content=\"Escrito por\" \/>\n\t<meta name=\"twitter:data1\" content=\"erpm8blog\" \/>\n\t<meta name=\"twitter:label2\" content=\"Est. tempo de leitura\" \/>\n\t<meta name=\"twitter:data2\" content=\"2 minutos\" \/>\n<script type=\"application\/ld+json\" class=\"yoast-schema-graph\">{\"@context\":\"https:\\\/\\\/schema.org\",\"@graph\":[{\"@type\":\"Article\",\"@id\":\"https:\\\/\\\/erpm8.cloud\\\/conteudo\\\/dias-para-negativacao-boletos-sicredi\\\/#article\",\"isPartOf\":{\"@id\":\"https:\\\/\\\/erpm8.cloud\\\/conteudo\\\/dias-para-negativacao-boletos-sicredi\\\/\"},\"author\":{\"name\":\"erpm8blog\",\"@id\":\"https:\\\/\\\/erpm8.cloud\\\/conteudo\\\/#\\\/schema\\\/person\\\/3305232b4b16ddd359967e2469b43889\"},\"headline\":\"Mais controle sobre a negativa\u00e7\u00e3o de t\u00edtulos com o Sicredi\",\"datePublished\":\"2026-09-02T11:35:32+00:00\",\"dateModified\":\"2026-09-02T12:22:49+00:00\",\"mainEntityOfPage\":{\"@id\":\"https:\\\/\\\/erpm8.cloud\\\/conteudo\\\/dias-para-negativacao-boletos-sicredi\\\/\"},\"wordCount\":244,\"publisher\":{\"@id\":\"https:\\\/\\\/erpm8.cloud\\\/conteudo\\\/#organization\"},\"image\":{\"@id\":\"https:\\\/\\\/erpm8.cloud\\\/conteudo\\\/dias-para-negativacao-boletos-sicredi\\\/#primaryimage\"},\"thumbnailUrl\":\"https:\\\/\\\/erpm8.cloud\\\/conteudo\\\/wp-content\\\/uploads\\\/2026\\\/09\\\/dias-para-negativacao-boletos-sicredi.png\",\"keywords\":[\"erp m8\",\"m8 sistemas\",\"Sistema de gest\u00e3o empresarial\"],\"articleSection\":[\"ERP\",\"Sistema de Gest\u00e3o\",\"Tecnologia\"],\"inLanguage\":\"pt-BR\"},{\"@type\":\"WebPage\",\"@id\":\"https:\\\/\\\/erpm8.cloud\\\/conteudo\\\/dias-para-negativacao-boletos-sicredi\\\/\",\"url\":\"https:\\\/\\\/erpm8.cloud\\\/conteudo\\\/dias-para-negativacao-boletos-sicredi\\\/\",\"name\":\"Mais controle sobre a negativa\u00e7\u00e3o de t\u00edtulos com o Sicredi - ERP M8 BLOG\",\"isPartOf\":{\"@id\":\"https:\\\/\\\/erpm8.cloud\\\/conteudo\\\/#website\"},\"primaryImageOfPage\":{\"@id\":\"https:\\\/\\\/erpm8.cloud\\\/conteudo\\\/dias-para-negativacao-boletos-sicredi\\\/#primaryimage\"},\"image\":{\"@id\":\"https:\\\/\\\/erpm8.cloud\\\/conteudo\\\/dias-para-negativacao-boletos-sicredi\\\/#primaryimage\"},\"thumbnailUrl\":\"https:\\\/\\\/erpm8.cloud\\\/conteudo\\\/wp-content\\\/uploads\\\/2026\\\/09\\\/dias-para-negativacao-boletos-sicredi.png\",\"datePublished\":\"2026-09-02T11:35:32+00:00\",\"dateModified\":\"2026-09-02T12:22:49+00:00\",\"description\":\"Conhe\u00e7a o novo campo Dias para Negativa\u00e7\u00e3o do ERP M8, dispon\u00edvel para conv\u00eanios Sicredi com boletos eletr\u00f4nicos.\",\"breadcrumb\":{\"@id\":\"https:\\\/\\\/erpm8.cloud\\\/conteudo\\\/dias-para-negativacao-boletos-sicredi\\\/#breadcrumb\"},\"inLanguage\":\"pt-BR\",\"potentialAction\":[{\"@type\":\"ReadAction\",\"target\":[\"https:\\\/\\\/erpm8.cloud\\\/conteudo\\\/dias-para-negativacao-boletos-sicredi\\\/\"]}]},{\"@type\":\"ImageObject\",\"inLanguage\":\"pt-BR\",\"@id\":\"https:\\\/\\\/erpm8.cloud\\\/conteudo\\\/dias-para-negativacao-boletos-sicredi\\\/#primaryimage\",\"url\":\"https:\\\/\\\/erpm8.cloud\\\/conteudo\\\/wp-content\\\/uploads\\\/2026\\\/09\\\/dias-para-negativacao-boletos-sicredi.png\",\"contentUrl\":\"https:\\\/\\\/erpm8.cloud\\\/conteudo\\\/wp-content\\\/uploads\\\/2026\\\/09\\\/dias-para-negativacao-boletos-sicredi.png\",\"width\":1672,\"height\":941},{\"@type\":\"BreadcrumbList\",\"@id\":\"https:\\\/\\\/erpm8.cloud\\\/conteudo\\\/dias-para-negativacao-boletos-sicredi\\\/#breadcrumb\",\"itemListElement\":[{\"@type\":\"ListItem\",\"position\":1,\"name\":\"Home\",\"item\":\"https:\\\/\\\/erpm8.cloud\\\/conteudo\\\/\"},{\"@type\":\"ListItem\",\"position\":2,\"name\":\"Mais controle sobre a negativa\u00e7\u00e3o de t\u00edtulos com o Sicredi\"}]},{\"@type\":\"WebSite\",\"@id\":\"https:\\\/\\\/erpm8.cloud\\\/conteudo\\\/#website\",\"url\":\"https:\\\/\\\/erpm8.cloud\\\/conteudo\\\/\",\"name\":\"ERP M8 BLOG\",\"description\":\"\",\"publisher\":{\"@id\":\"https:\\\/\\\/erpm8.cloud\\\/conteudo\\\/#organization\"},\"potentialAction\":[{\"@type\":\"SearchAction\",\"target\":{\"@type\":\"EntryPoint\",\"urlTemplate\":\"https:\\\/\\\/erpm8.cloud\\\/conteudo\\\/?s={search_term_string}\"},\"query-input\":{\"@type\":\"PropertyValueSpecification\",\"valueRequired\":true,\"valueName\":\"search_term_string\"}}],\"inLanguage\":\"pt-BR\"},{\"@type\":\"Organization\",\"@id\":\"https:\\\/\\\/erpm8.cloud\\\/conteudo\\\/#organization\",\"name\":\"ERP M8 BLOG\",\"url\":\"https:\\\/\\\/erpm8.cloud\\\/conteudo\\\/\",\"logo\":{\"@type\":\"ImageObject\",\"inLanguage\":\"pt-BR\",\"@id\":\"https:\\\/\\\/erpm8.cloud\\\/conteudo\\\/#\\\/schema\\\/logo\\\/image\\\/\",\"url\":\"https:\\\/\\\/erpm8.cloud\\\/conteudo\\\/wp-content\\\/uploads\\\/2023\\\/01\\\/logo_erp.svg\",\"contentUrl\":\"https:\\\/\\\/erpm8.cloud\\\/conteudo\\\/wp-content\\\/uploads\\\/2023\\\/01\\\/logo_erp.svg\",\"width\":1226,\"height\":519,\"caption\":\"ERP M8 BLOG\"},\"image\":{\"@id\":\"https:\\\/\\\/erpm8.cloud\\\/conteudo\\\/#\\\/schema\\\/logo\\\/image\\\/\"}},{\"@type\":\"Person\",\"@id\":\"https:\\\/\\\/erpm8.cloud\\\/conteudo\\\/#\\\/schema\\\/person\\\/3305232b4b16ddd359967e2469b43889\",\"name\":\"erpm8blog\",\"image\":{\"@type\":\"ImageObject\",\"inLanguage\":\"pt-BR\",\"@id\":\"https:\\\/\\\/secure.gravatar.com\\\/avatar\\\/3ee892faa13d7d249634d78ed4ae95efc4bf5e3dd258f4ed549b8f049b8e1ba7?s=96&d=mm&r=g\",\"url\":\"https:\\\/\\\/secure.gravatar.com\\\/avatar\\\/3ee892faa13d7d249634d78ed4ae95efc4bf5e3dd258f4ed549b8f049b8e1ba7?s=96&d=mm&r=g\",\"contentUrl\":\"https:\\\/\\\/secure.gravatar.com\\\/avatar\\\/3ee892faa13d7d249634d78ed4ae95efc4bf5e3dd258f4ed549b8f049b8e1ba7?s=96&d=mm&r=g\",\"caption\":\"erpm8blog\"},\"sameAs\":[\"https:\\\/\\\/erpm8.cloud\\\/conteudo\"],\"url\":\"https:\\\/\\\/erpm8.cloud\\\/conteudo\\\/author\\\/erpm8blog\\\/\"}]}<\/script>\n<!-- \/ Yoast SEO plugin. -->","yoast_head_json":{"title":"Mais controle sobre a negativa\u00e7\u00e3o de t\u00edtulos com o Sicredi - ERP M8 BLOG","description":"Conhe\u00e7a o novo campo Dias para Negativa\u00e7\u00e3o do ERP M8, dispon\u00edvel para conv\u00eanios Sicredi com boletos eletr\u00f4nicos.","robots":{"index":"index","follow":"follow","max-snippet":"max-snippet:-1","max-image-preview":"max-image-preview:large","max-video-preview":"max-video-preview:-1"},"canonical":"https:\/\/erpm8.cloud\/conteudo\/dias-para-negativacao-boletos-sicredi\/","og_locale":"pt_BR","og_type":"article","og_title":"Mais controle sobre a negativa\u00e7\u00e3o de t\u00edtulos com o Sicredi - ERP M8 BLOG","og_description":"Conhe\u00e7a o novo campo Dias para Negativa\u00e7\u00e3o do ERP M8, dispon\u00edvel para conv\u00eanios Sicredi com boletos eletr\u00f4nicos.","og_url":"https:\/\/erpm8.cloud\/conteudo\/dias-para-negativacao-boletos-sicredi\/","og_site_name":"ERP M8 BLOG","article_published_time":"2026-09-02T11:35:32+00:00","article_modified_time":"2026-09-02T12:22:49+00:00","og_image":[{"width":1672,"height":941,"url":"https:\/\/erpm8.cloud\/conteudo\/wp-content\/uploads\/2026\/09\/dias-para-negativacao-boletos-sicredi.png","type":"image\/png"}],"author":"erpm8blog","twitter_card":"summary_large_image","twitter_misc":{"Escrito por":"erpm8blog","Est. tempo de leitura":"2 minutos"},"schema":{"@context":"https:\/\/schema.org","@graph":[{"@type":"Article","@id":"https:\/\/erpm8.cloud\/conteudo\/dias-para-negativacao-boletos-sicredi\/#article","isPartOf":{"@id":"https:\/\/erpm8.cloud\/conteudo\/dias-para-negativacao-boletos-sicredi\/"},"author":{"name":"erpm8blog","@id":"https:\/\/erpm8.cloud\/conteudo\/#\/schema\/person\/3305232b4b16ddd359967e2469b43889"},"headline":"Mais controle sobre a negativa\u00e7\u00e3o de t\u00edtulos com o Sicredi","datePublished":"2026-09-02T11:35:32+00:00","dateModified":"2026-09-02T12:22:49+00:00","mainEntityOfPage":{"@id":"https:\/\/erpm8.cloud\/conteudo\/dias-para-negativacao-boletos-sicredi\/"},"wordCount":244,"publisher":{"@id":"https:\/\/erpm8.cloud\/conteudo\/#organization"},"image":{"@id":"https:\/\/erpm8.cloud\/conteudo\/dias-para-negativacao-boletos-sicredi\/#primaryimage"},"thumbnailUrl":"https:\/\/erpm8.cloud\/conteudo\/wp-content\/uploads\/2026\/09\/dias-para-negativacao-boletos-sicredi.png","keywords":["erp m8","m8 sistemas","Sistema de gest\u00e3o empresarial"],"articleSection":["ERP","Sistema de Gest\u00e3o","Tecnologia"],"inLanguage":"pt-BR"},{"@type":"WebPage","@id":"https:\/\/erpm8.cloud\/conteudo\/dias-para-negativacao-boletos-sicredi\/","url":"https:\/\/erpm8.cloud\/conteudo\/dias-para-negativacao-boletos-sicredi\/","name":"Mais controle sobre a negativa\u00e7\u00e3o de t\u00edtulos com o Sicredi - ERP M8 BLOG","isPartOf":{"@id":"https:\/\/erpm8.cloud\/conteudo\/#website"},"primaryImageOfPage":{"@id":"https:\/\/erpm8.cloud\/conteudo\/dias-para-negativacao-boletos-sicredi\/#primaryimage"},"image":{"@id":"https:\/\/erpm8.cloud\/conteudo\/dias-para-negativacao-boletos-sicredi\/#primaryimage"},"thumbnailUrl":"https:\/\/erpm8.cloud\/conteudo\/wp-content\/uploads\/2026\/09\/dias-para-negativacao-boletos-sicredi.png","datePublished":"2026-09-02T11:35:32+00:00","dateModified":"2026-09-02T12:22:49+00:00","description":"Conhe\u00e7a o novo campo Dias para Negativa\u00e7\u00e3o do ERP M8, dispon\u00edvel para conv\u00eanios Sicredi com boletos eletr\u00f4nicos.","breadcrumb":{"@id":"https:\/\/erpm8.cloud\/conteudo\/dias-para-negativacao-boletos-sicredi\/#breadcrumb"},"inLanguage":"pt-BR","potentialAction":[{"@type":"ReadAction","target":["https:\/\/erpm8.cloud\/conteudo\/dias-para-negativacao-boletos-sicredi\/"]}]},{"@type":"ImageObject","inLanguage":"pt-BR","@id":"https:\/\/erpm8.cloud\/conteudo\/dias-para-negativacao-boletos-sicredi\/#primaryimage","url":"https:\/\/erpm8.cloud\/conteudo\/wp-content\/uploads\/2026\/09\/dias-para-negativacao-boletos-sicredi.png","contentUrl":"https:\/\/erpm8.cloud\/conteudo\/wp-content\/uploads\/2026\/09\/dias-para-negativacao-boletos-sicredi.png","width":1672,"height":941},{"@type":"BreadcrumbList","@id":"https:\/\/erpm8.cloud\/conteudo\/dias-para-negativacao-boletos-sicredi\/#breadcrumb","itemListElement":[{"@type":"ListItem","position":1,"name":"Home","item":"https:\/\/erpm8.cloud\/conteudo\/"},{"@type":"ListItem","position":2,"name":"Mais controle sobre a negativa\u00e7\u00e3o de t\u00edtulos com o Sicredi"}]},{"@type":"WebSite","@id":"https:\/\/erpm8.cloud\/conteudo\/#website","url":"https:\/\/erpm8.cloud\/conteudo\/","name":"ERP M8 BLOG","description":"","publisher":{"@id":"https:\/\/erpm8.cloud\/conteudo\/#organization"},"potentialAction":[{"@type":"SearchAction","target":{"@type":"EntryPoint","urlTemplate":"https:\/\/erpm8.cloud\/conteudo\/?s={search_term_string}"},"query-input":{"@type":"PropertyValueSpecification","valueRequired":true,"valueName":"search_term_string"}}],"inLanguage":"pt-BR"},{"@type":"Organization","@id":"https:\/\/erpm8.cloud\/conteudo\/#organization","name":"ERP M8 BLOG","url":"https:\/\/erpm8.cloud\/conteudo\/","logo":{"@type":"ImageObject","inLanguage":"pt-BR","@id":"https:\/\/erpm8.cloud\/conteudo\/#\/schema\/logo\/image\/","url":"https:\/\/erpm8.cloud\/conteudo\/wp-content\/uploads\/2023\/01\/logo_erp.svg","contentUrl":"https:\/\/erpm8.cloud\/conteudo\/wp-content\/uploads\/2023\/01\/logo_erp.svg","width":1226,"height":519,"caption":"ERP M8 BLOG"},"image":{"@id":"https:\/\/erpm8.cloud\/conteudo\/#\/schema\/logo\/image\/"}},{"@type":"Person","@id":"https:\/\/erpm8.cloud\/conteudo\/#\/schema\/person\/3305232b4b16ddd359967e2469b43889","name":"erpm8blog","image":{"@type":"ImageObject","inLanguage":"pt-BR","@id":"https:\/\/secure.gravatar.com\/avatar\/3ee892faa13d7d249634d78ed4ae95efc4bf5e3dd258f4ed549b8f049b8e1ba7?s=96&d=mm&r=g","url":"https:\/\/secure.gravatar.com\/avatar\/3ee892faa13d7d249634d78ed4ae95efc4bf5e3dd258f4ed549b8f049b8e1ba7?s=96&d=mm&r=g","contentUrl":"https:\/\/secure.gravatar.com\/avatar\/3ee892faa13d7d249634d78ed4ae95efc4bf5e3dd258f4ed549b8f049b8e1ba7?s=96&d=mm&r=g","caption":"erpm8blog"},"sameAs":["https:\/\/erpm8.cloud\/conteudo"],"url":"https:\/\/erpm8.cloud\/conteudo\/author\/erpm8blog\/"}]}},"_links":{"self":[{"href":"https:\/\/erpm8.cloud\/conteudo\/wp-json\/wp\/v2\/posts\/1354","targetHints":{"allow":["GET"]}}],"collection":[{"href":"https:\/\/erpm8.cloud\/conteudo\/wp-json\/wp\/v2\/posts"}],"about":[{"href":"https:\/\/erpm8.cloud\/conteudo\/wp-json\/wp\/v2\/types\/post"}],"author":[{"embeddable":true,"href":"https:\/\/erpm8.cloud\/conteudo\/wp-json\/wp\/v2\/users\/1"}],"replies":[{"embeddable":true,"href":"https:\/\/erpm8.cloud\/conteudo\/wp-json\/wp\/v2\/comments?post=1354"}],"version-history":[{"count":1,"href":"https:\/\/erpm8.cloud\/conteudo\/wp-json\/wp\/v2\/posts\/1354\/revisions"}],"predecessor-version":[{"id":1355,"href":"https:\/\/erpm8.cloud\/conteudo\/wp-json\/wp\/v2\/posts\/1354\/revisions\/1355"}],"wp:featuredmedia":[{"embeddable":true,"href":"https:\/\/erpm8.cloud\/conteudo\/wp-json\/wp\/v2\/media\/1369"}],"wp:attachment":[{"href":"https:\/\/erpm8.cloud\/conteudo\/wp-json\/wp\/v2\/media?parent=1354"}],"wp:term":[{"taxonomy":"category","embeddable":true,"href":"https:\/\/erpm8.cloud\/conteudo\/wp-json\/wp\/v2\/categories?post=1354"},{"taxonomy":"post_tag","embeddable":true,"href":"https:\/\/erpm8.cloud\/conteudo\/wp-json\/wp\/v2\/tags?post=1354"}],"curies":[{"name":"wp","href":"https:\/\/api.w.org\/{rel}","templated":true}]}}