{"id":553,"date":"2024-12-19T15:27:11","date_gmt":"2024-12-19T18:27:11","guid":{"rendered":"https:\/\/erpm8.cloud\/conteudo\/?p=553"},"modified":"2024-12-19T15:34:41","modified_gmt":"2024-12-19T18:34:41","slug":"a-reforma-tributaria-e-o-novo-modelo-de-tributacao-o-que-esperar-ate-2033","status":"publish","type":"post","link":"https:\/\/erpm8.cloud\/conteudo\/a-reforma-tributaria-e-o-novo-modelo-de-tributacao-o-que-esperar-ate-2033\/","title":{"rendered":"A Reforma Tribut\u00e1ria e o Novo Modelo de Tributa\u00e7\u00e3o: O Que Esperar at\u00e9 2033"},"content":{"rendered":"\n<p>A partir de 2026, o Brasil passar\u00e1 por uma grande transforma\u00e7\u00e3o em seu sistema tribut\u00e1rio, com a implementa\u00e7\u00e3o de um novo modelo de tributa\u00e7\u00e3o sobre o consumo. Essa mudan\u00e7a \u00e9 resultado da reforma tribut\u00e1ria, que trar\u00e1 impactos significativos para empresas e contribuintes de todo o pa\u00eds. O processo de transi\u00e7\u00e3o ser\u00e1 gradual, e a extin\u00e7\u00e3o dos tributos atuais, como o ICMS e o ISS, ocorrer\u00e1 ao longo dos pr\u00f3ximos anos, com uma implementa\u00e7\u00e3o total prevista para 2033.<br><br><img fetchpriority=\"high\" decoding=\"async\" width=\"720\" height=\"720\" class=\"wp-image-555\" style=\"width: 720px;\" src=\"https:\/\/erpm8.cloud\/conteudo\/wp-content\/uploads\/2024\/12\/carrossel-reforma_02.png\" alt=\"\" srcset=\"https:\/\/erpm8.cloud\/conteudo\/wp-content\/uploads\/2024\/12\/carrossel-reforma_02.png 1080w, https:\/\/erpm8.cloud\/conteudo\/wp-content\/uploads\/2024\/12\/carrossel-reforma_02-300x300.png 300w, https:\/\/erpm8.cloud\/conteudo\/wp-content\/uploads\/2024\/12\/carrossel-reforma_02-1024x1024.png 1024w, https:\/\/erpm8.cloud\/conteudo\/wp-content\/uploads\/2024\/12\/carrossel-reforma_02-150x150.png 150w, https:\/\/erpm8.cloud\/conteudo\/wp-content\/uploads\/2024\/12\/carrossel-reforma_02-768x768.png 768w\" sizes=\"(max-width: 720px) 100vw, 720px\" \/><br><br><strong>O Que Est\u00e1 Por Vir?<\/strong><\/p>\n\n\n\n<p>A reforma tribut\u00e1ria cria dois novos impostos principais: o Imposto sobre Valor Agregado (IVA) Dual e o Imposto Seletivo. O IVA Dual ser\u00e1 composto por duas partes: a Contribui\u00e7\u00e3o sobre Bens e Servi\u00e7os (CBS), que ser\u00e1 de compet\u00eancia federal, e o Imposto sobre Bens e Servi\u00e7os (IBS), que ser\u00e1 compartilhado entre estados, Distrito Federal e munic\u00edpios. J\u00e1 o Imposto Seletivo incidir\u00e1 sobre produtos e servi\u00e7os considerados prejudiciais \u00e0 sa\u00fade e ao meio ambiente, como tabaco e combust\u00edveis.<\/p>\n\n\n\n<p><strong>Fases de Implementa\u00e7\u00e3o da Reforma Tribut\u00e1ria<\/strong><\/p>\n\n\n\n<p>O cronograma de implementa\u00e7\u00e3o ser\u00e1 realizado em fases, com testes, ajustes e implementa\u00e7\u00f5es progressivas:<\/p>\n\n\n\n<p><strong>2026:<\/strong> A transi\u00e7\u00e3o come\u00e7a com a fase de testes, onde a CBS (0,9%) e o IBS (0,1%) ser\u00e3o destacados nas notas fiscais, mas ainda n\u00e3o ser\u00e3o efetivamente cobrados. O objetivo desse per\u00edodo \u00e9 permitir que o governo e as empresas avaliem a viabilidade do novo sistema e fa\u00e7am os ajustes necess\u00e1rios.<\/p>\n\n\n\n<p><strong>2027:<\/strong> Nessa etapa, o Imposto Seletivo come\u00e7ar\u00e1 a ser cobrado, impactando produtos e servi\u00e7os nocivos \u00e0 sa\u00fade e ao meio ambiente. Al\u00e9m disso, a CBS ser\u00e1 cobrada efetivamente, e tributos como PIS, Cofins, IOF\/Seguros e a isen\u00e7\u00e3o de IPI (exceto para produtos da Zona Franca de Manaus) ser\u00e3o extintos.<\/p>\n\n\n\n<p><strong>2033:<\/strong> A transi\u00e7\u00e3o ser\u00e1 conclu\u00edda, e o IBS e a CBS ser\u00e3o definitivamente implementados. Nesse momento, a nova estrutura tribut\u00e1ria estar\u00e1 plenamente em vigor, com o objetivo de manter o n\u00edvel de arrecada\u00e7\u00e3o dos tributos que foram extintos (PIS, Cofins, ICMS, ISS e IPI).<\/p>\n\n\n\n<p><strong>Coexist\u00eancia dos Tributos Durante a Transi\u00e7\u00e3o<\/strong><\/p>\n\n\n\n<p>O IBS ser\u00e1 o tributo mais demorado a ser implementado, com um per\u00edodo de coexist\u00eancia de 4 anos com o ICMS e o ISS. Esse tempo permitir\u00e1 uma transi\u00e7\u00e3o mais tranquila, sem causar grandes impactos imediatos nas empresas e nos processos fiscais j\u00e1 existentes.<\/p>\n\n\n\n<p><strong>Impactos Esperados e Benef\u00edcios da Reforma<\/strong><\/p>\n\n\n\n<p>A reforma tribut\u00e1ria visa simplificar o sistema tribut\u00e1rio nacional, reduzir a burocracia e garantir mais efici\u00eancia na arrecada\u00e7\u00e3o. Com a implementa\u00e7\u00e3o do IVA Dual, as empresas ter\u00e3o uma tributa\u00e7\u00e3o mais previs\u00edvel, al\u00e9m de um processo de apura\u00e7\u00e3o de impostos mais transparente e direto. A extin\u00e7\u00e3o de tributos como o PIS, Cofins e ICMS tamb\u00e9m promete trazer benef\u00edcios para a economia como um todo, tornando o ambiente de neg\u00f3cios mais competitivo e moderno.<\/p>\n\n\n\n<p>Al\u00e9m disso, o Imposto Seletivo buscar\u00e1 desincentivar o consumo de produtos e servi\u00e7os que causam danos \u00e0 sa\u00fade p\u00fablica e ao meio ambiente, o que poder\u00e1 contribuir para uma sociedade mais sustent\u00e1vel e saud\u00e1vel.<\/p>\n\n\n\n<p>A reforma tribut\u00e1ria traz desafios e oportunidades para empresas e contribuintes. A transi\u00e7\u00e3o at\u00e9 2033 ser\u00e1 longa, mas essencial para a moderniza\u00e7\u00e3o do sistema fiscal brasileiro. Com a implementa\u00e7\u00e3o gradual dos novos tributos, como o CBS, o IBS e o Imposto Seletivo, as empresas precisam estar preparadas para adaptar seus processos de acordo com as novas exig\u00eancias fiscais. A reforma busca garantir uma arrecada\u00e7\u00e3o mais justa e eficiente, proporcionando um sistema tribut\u00e1rio mais simples e transparente para todos.<\/p>\n\n\n\n<hr class=\"wp-block-separator has-alpha-channel-opacity\"\/>\n\n\n\n<h5 class=\"wp-block-heading\">Quer ver a<strong>&nbsp;<\/strong>gest\u00e3o empresarial de alta performance na pr\u00e1tica? O ERP M8.Cloud traz as melhores solu\u00e7\u00f5es 100% na nuvem para auxiliar a sua empresa nas tomadas de decis\u00e3o, al\u00e9m de organizar seus processos internos visando um maior controle organizacional, de acordo com as necessidades do seu neg\u00f3cio, seja&nbsp;<a href=\"http:\/\/erpm8.cloud\/2021\/sistema-para-industria\/\">ind\u00fastria<\/a>,&nbsp;<a href=\"http:\/\/erpm8.cloud\/2021\/sistema-para-comercio\/\">com\u00e9rcio<\/a>&nbsp;ou&nbsp;<a href=\"http:\/\/erpm8.cloud\/2021\/sistema-para-servicos\/\">servi\u00e7os<\/a>.<\/h5>\n\n\n\n<h5 class=\"wp-block-heading\">Quer saber mais sobre nossas solu\u00e7\u00f5es para o seu neg\u00f3cio?&nbsp;Acesse <a href=\"https:\/\/m8sistemas.com.br\/solicitar-demonstracao\/\">nosso site<\/a>&nbsp;e fale com um de nossos consultores.<\/h5>\n\n\n\n<p><\/p>\n","protected":false},"excerpt":{"rendered":"<p>A partir de 2026, o Brasil passar\u00e1 por uma grande transforma\u00e7\u00e3o em seu sistema tribut\u00e1rio, com a implementa\u00e7\u00e3o de um novo modelo de tributa\u00e7\u00e3o sobre o consumo. Essa mudan\u00e7a \u00e9 resultado da reforma tribut\u00e1ria, que trar\u00e1 impactos significativos para empresas e contribuintes de todo o pa\u00eds. O processo de transi\u00e7\u00e3o ser\u00e1 gradual, e a extin\u00e7\u00e3o [&hellip;]<\/p>\n","protected":false},"author":1,"featured_media":560,"comment_status":"closed","ping_status":"open","sticky":false,"template":"","format":"standard","meta":{"footnotes":""},"categories":[1,6,7,5],"tags":[31,70,67,69,68],"class_list":["post-553","post","type-post","status-publish","format-standard","has-post-thumbnail","hentry","category-erp","category-performance","category-sistema-de-gestao","category-tecnologia","tag-empresas","tag-novas-regras","tag-reforma-tributaria","tag-sistema-tributario","tag-tributacao"],"_links":{"self":[{"href":"https:\/\/erpm8.cloud\/conteudo\/wp-json\/wp\/v2\/posts\/553","targetHints":{"allow":["GET"]}}],"collection":[{"href":"https:\/\/erpm8.cloud\/conteudo\/wp-json\/wp\/v2\/posts"}],"about":[{"href":"https:\/\/erpm8.cloud\/conteudo\/wp-json\/wp\/v2\/types\/post"}],"author":[{"embeddable":true,"href":"https:\/\/erpm8.cloud\/conteudo\/wp-json\/wp\/v2\/users\/1"}],"replies":[{"embeddable":true,"href":"https:\/\/erpm8.cloud\/conteudo\/wp-json\/wp\/v2\/comments?post=553"}],"version-history":[{"count":3,"href":"https:\/\/erpm8.cloud\/conteudo\/wp-json\/wp\/v2\/posts\/553\/revisions"}],"predecessor-version":[{"id":561,"href":"https:\/\/erpm8.cloud\/conteudo\/wp-json\/wp\/v2\/posts\/553\/revisions\/561"}],"wp:featuredmedia":[{"embeddable":true,"href":"https:\/\/erpm8.cloud\/conteudo\/wp-json\/wp\/v2\/media\/560"}],"wp:attachment":[{"href":"https:\/\/erpm8.cloud\/conteudo\/wp-json\/wp\/v2\/media?parent=553"}],"wp:term":[{"taxonomy":"category","embeddable":true,"href":"https:\/\/erpm8.cloud\/conteudo\/wp-json\/wp\/v2\/categories?post=553"},{"taxonomy":"post_tag","embeddable":true,"href":"https:\/\/erpm8.cloud\/conteudo\/wp-json\/wp\/v2\/tags?post=553"}],"curies":[{"name":"wp","href":"https:\/\/api.w.org\/{rel}","templated":true}]}}